{"id":726,"date":"2025-07-13T08:00:00","date_gmt":"2025-07-13T08:00:00","guid":{"rendered":"https:\/\/casapart.fr\/?p=726"},"modified":"2025-07-23T08:49:46","modified_gmt":"2025-07-23T08:49:46","slug":"on-profite-deja-de-la-terrasse-en-etai","status":"publish","type":"post","link":"https:\/\/casapart.fr\/en\/2025\/07\/13\/on-profite-deja-de-la-terrasse-en-etai\/","title":{"rendered":"On profite d\u00e9j\u00e0 de la terrasse en \u00e9tai !"},"content":{"rendered":"<p><\/p>\n\n\n\n<p>Apr\u00e8s avoir coul\u00e9 les murs, il est temps de s&rsquo;occuper de la dalle de la terrasse ! Les \u00e9tais du ma\u00e7on nous ont apport\u00e9 un pr\u00e9cieux soutien !<\/p>\n\n\n\n<figure class=\"wp-block-video\"><video controls src=\"https:\/\/farou.ynh.fr\/nextcloud\/s\/tjRxACxTJzFYDeB\/download\"><\/video><\/figure>\n\n\n\n<p><\/p>\n\n\n<div class=\"kb-gallery-wrap-id-726_913a3b-3a alignnone wp-block-kadence-advancedgallery\"><div class=\"kb-gallery-ul kb-gallery-non-static kb-gallery-type-slider kb-gallery-id-726_913a3b-3a kb-gallery-caption-style-bottom-hover kb-gallery-filter-none kb-gallery-magnific-init\" data-image-filter=\"none\" data-lightbox-caption=\"true\"><div class=\"kt-blocks-carousel splide kt-carousel-container-dotstyle-dark kt-carousel-arrowstyle-whiteondark kt-carousel-dotstyle-dark kb-slider-group-arrow kb-slider-arrow-position-center\" data-slider-anim-speed=\"400\" data-slider-scroll=\"1\" data-slider-arrows=\"true\" data-slider-fade=\"true\" data-slider-dots=\"true\" data-slider-type=\"slider\" data-slider-hover-pause=\"false\" data-slider-auto=\"\" data-slider-speed=\"7000\" data-show-pause-button=\"false\"><div class=\"splide__track\"><ul class=\"kt-blocks-carousel-init kb-blocks-slider splide__list\"><li class=\"kb-slide-item kb-gallery-slide-item splide__slide\"><div class=\"kadence-blocks-gallery-item\"><div class=\"kadence-blocks-gallery-item-inner\"><figure class=\"kb-gallery-figure kb-gallery-item-has-link\"><a href=\"https:\/\/casapart.fr\/wp-content\/uploads\/2025\/07\/20250711_175845-scaled.jpg\" class=\"kb-gallery-item-link\"   role=\"button\" aria-haspopup=\"dialog\"><div class=\"kb-gal-image-radius\"><div class=\"kb-gallery-image-contain kadence-blocks-gallery-intrinsic kb-gallery-image-ratio-land43 kb-has-image-ratio-land43\" ><img loading=\"lazy\" decoding=\"async\" src=\"https:\/\/casapart.fr\/wp-content\/uploads\/2025\/07\/20250711_175845-1024x768.jpg\" width=\"1024\" height=\"768\" alt=\"\" data-full-image=\"https:\/\/casapart.fr\/wp-content\/uploads\/2025\/07\/20250711_175845-scaled.jpg\" data-light-image=\"https:\/\/casapart.fr\/wp-content\/uploads\/2025\/07\/20250711_175845-scaled.jpg\" data-id=\"707\" class=\"wp-image-707 skip-lazy\" srcset=\"https:\/\/casapart.fr\/wp-content\/uploads\/2025\/07\/20250711_175845-1024x768.jpg 1024w, https:\/\/casapart.fr\/wp-content\/uploads\/2025\/07\/20250711_175845-300x225.jpg 300w, https:\/\/casapart.fr\/wp-content\/uploads\/2025\/07\/20250711_175845-768x576.jpg 768w, https:\/\/casapart.fr\/wp-content\/uploads\/2025\/07\/20250711_175845-1536x1152.jpg 1536w, https:\/\/casapart.fr\/wp-content\/uploads\/2025\/07\/20250711_175845-2048x1536.jpg 2048w, https:\/\/casapart.fr\/wp-content\/uploads\/2025\/07\/20250711_175845-16x12.jpg 16w\" sizes=\"auto, (max-width: 1024px) 100vw, 1024px\" \/><\/div><\/div><\/a><\/figure><\/div><\/div><\/li><li class=\"kb-slide-item kb-gallery-slide-item splide__slide\"><div class=\"kadence-blocks-gallery-item\"><div class=\"kadence-blocks-gallery-item-inner\"><figure class=\"kb-gallery-figure kb-gallery-item-has-link kadence-blocks-gallery-item-has-caption\"><a href=\"https:\/\/casapart.fr\/wp-content\/uploads\/2025\/07\/20250711_124255-scaled.jpg\" data-description=\"La pause fraicheur !\" class=\"kb-gallery-item-link\"   role=\"button\" aria-haspopup=\"dialog\"><div class=\"kb-gal-image-radius\"><div class=\"kb-gallery-image-contain kadence-blocks-gallery-intrinsic kb-gallery-image-ratio-land43 kb-has-image-ratio-land43\" ><img loading=\"lazy\" decoding=\"async\" src=\"https:\/\/casapart.fr\/wp-content\/uploads\/2025\/07\/20250711_124255-1024x768.jpg\" width=\"800\" height=\"600\" alt=\"\" data-full-image=\"https:\/\/casapart.fr\/wp-content\/uploads\/2025\/07\/20250711_124255-scaled.jpg\" data-light-image=\"https:\/\/casapart.fr\/wp-content\/uploads\/2025\/07\/20250711_124255-scaled.jpg\" data-id=\"706\" class=\"wp-image-706 skip-lazy\" srcset=\"https:\/\/casapart.fr\/wp-content\/uploads\/2025\/07\/20250711_124255-1024x768.jpg 1024w, https:\/\/casapart.fr\/wp-content\/uploads\/2025\/07\/20250711_124255-300x225.jpg 300w, https:\/\/casapart.fr\/wp-content\/uploads\/2025\/07\/20250711_124255-768x576.jpg 768w, https:\/\/casapart.fr\/wp-content\/uploads\/2025\/07\/20250711_124255-1536x1152.jpg 1536w, https:\/\/casapart.fr\/wp-content\/uploads\/2025\/07\/20250711_124255-2048x1536.jpg 2048w, https:\/\/casapart.fr\/wp-content\/uploads\/2025\/07\/20250711_124255-16x12.jpg 16w, https:\/\/casapart.fr\/wp-content\/uploads\/2025\/07\/20250711_124255-1200x900.jpg 1200w, https:\/\/casapart.fr\/wp-content\/uploads\/2025\/07\/20250711_124255-1980x1485.jpg 1980w\" sizes=\"auto, (max-width: 800px) 100vw, 800px\" \/><\/div><div class=\"kadence-blocks-gallery-item__caption\">La pause fraicheur !<\/div><\/div><\/a><\/figure><\/div><\/div><\/li><li class=\"kb-slide-item kb-gallery-slide-item splide__slide\"><div class=\"kadence-blocks-gallery-item\"><div class=\"kadence-blocks-gallery-item-inner\"><figure class=\"kb-gallery-figure kb-gallery-item-has-link\"><a href=\"https:\/\/casapart.fr\/wp-content\/uploads\/2025\/07\/20250711_211532-scaled.jpg\" class=\"kb-gallery-item-link\"   role=\"button\" aria-haspopup=\"dialog\"><div class=\"kb-gal-image-radius\"><div class=\"kb-gallery-image-contain kadence-blocks-gallery-intrinsic kb-gallery-image-ratio-land43 kb-has-image-ratio-land43\" ><img loading=\"lazy\" decoding=\"async\" src=\"https:\/\/casapart.fr\/wp-content\/uploads\/2025\/07\/20250711_211532-1024x768.jpg\" width=\"800\" height=\"600\" alt=\"\" data-full-image=\"https:\/\/casapart.fr\/wp-content\/uploads\/2025\/07\/20250711_211532-scaled.jpg\" data-light-image=\"https:\/\/casapart.fr\/wp-content\/uploads\/2025\/07\/20250711_211532-scaled.jpg\" data-id=\"700\" class=\"wp-image-700 skip-lazy\" srcset=\"https:\/\/casapart.fr\/wp-content\/uploads\/2025\/07\/20250711_211532-1024x768.jpg 1024w, https:\/\/casapart.fr\/wp-content\/uploads\/2025\/07\/20250711_211532-300x225.jpg 300w, https:\/\/casapart.fr\/wp-content\/uploads\/2025\/07\/20250711_211532-768x576.jpg 768w, https:\/\/casapart.fr\/wp-content\/uploads\/2025\/07\/20250711_211532-1536x1152.jpg 1536w, https:\/\/casapart.fr\/wp-content\/uploads\/2025\/07\/20250711_211532-2048x1536.jpg 2048w, https:\/\/casapart.fr\/wp-content\/uploads\/2025\/07\/20250711_211532-16x12.jpg 16w, https:\/\/casapart.fr\/wp-content\/uploads\/2025\/07\/20250711_211532-1200x900.jpg 1200w, https:\/\/casapart.fr\/wp-content\/uploads\/2025\/07\/20250711_211532-1980x1485.jpg 1980w\" sizes=\"auto, (max-width: 800px) 100vw, 800px\" \/><\/div><\/div><\/a><\/figure><\/div><\/div><\/li><li class=\"kb-slide-item kb-gallery-slide-item splide__slide\"><div class=\"kadence-blocks-gallery-item\"><div class=\"kadence-blocks-gallery-item-inner\"><figure class=\"kb-gallery-figure kb-gallery-item-has-link\"><a href=\"https:\/\/casapart.fr\/wp-content\/uploads\/2025\/07\/20250711_211516-scaled.jpg\" class=\"kb-gallery-item-link\"   role=\"button\" aria-haspopup=\"dialog\"><div class=\"kb-gal-image-radius\"><div class=\"kb-gallery-image-contain kadence-blocks-gallery-intrinsic kb-gallery-image-ratio-land43 kb-has-image-ratio-land43\" ><img loading=\"lazy\" decoding=\"async\" src=\"https:\/\/casapart.fr\/wp-content\/uploads\/2025\/07\/20250711_211516-1024x768.jpg\" width=\"800\" height=\"600\" alt=\"\" data-full-image=\"https:\/\/casapart.fr\/wp-content\/uploads\/2025\/07\/20250711_211516-scaled.jpg\" data-light-image=\"https:\/\/casapart.fr\/wp-content\/uploads\/2025\/07\/20250711_211516-scaled.jpg\" data-id=\"712\" class=\"wp-image-712 skip-lazy\" srcset=\"https:\/\/casapart.fr\/wp-content\/uploads\/2025\/07\/20250711_211516-1024x768.jpg 1024w, https:\/\/casapart.fr\/wp-content\/uploads\/2025\/07\/20250711_211516-300x225.jpg 300w, https:\/\/casapart.fr\/wp-content\/uploads\/2025\/07\/20250711_211516-768x576.jpg 768w, https:\/\/casapart.fr\/wp-content\/uploads\/2025\/07\/20250711_211516-1536x1152.jpg 1536w, https:\/\/casapart.fr\/wp-content\/uploads\/2025\/07\/20250711_211516-2048x1536.jpg 2048w, https:\/\/casapart.fr\/wp-content\/uploads\/2025\/07\/20250711_211516-16x12.jpg 16w, https:\/\/casapart.fr\/wp-content\/uploads\/2025\/07\/20250711_211516-1200x900.jpg 1200w, https:\/\/casapart.fr\/wp-content\/uploads\/2025\/07\/20250711_211516-1980x1485.jpg 1980w\" sizes=\"auto, (max-width: 800px) 100vw, 800px\" \/><\/div><\/div><\/a><\/figure><\/div><\/div><\/li><li class=\"kb-slide-item kb-gallery-slide-item splide__slide\"><div class=\"kadence-blocks-gallery-item\"><div class=\"kadence-blocks-gallery-item-inner\"><figure class=\"kb-gallery-figure kb-gallery-item-has-link\"><a href=\"https:\/\/casapart.fr\/wp-content\/uploads\/2025\/07\/20250711_211505-scaled.jpg\" class=\"kb-gallery-item-link\"   role=\"button\" aria-haspopup=\"dialog\"><div class=\"kb-gal-image-radius\"><div class=\"kb-gallery-image-contain kadence-blocks-gallery-intrinsic kb-gallery-image-ratio-land43 kb-has-image-ratio-land43\" ><img loading=\"lazy\" decoding=\"async\" src=\"https:\/\/casapart.fr\/wp-content\/uploads\/2025\/07\/20250711_211505-1024x768.jpg\" width=\"800\" height=\"600\" alt=\"\" data-full-image=\"https:\/\/casapart.fr\/wp-content\/uploads\/2025\/07\/20250711_211505-scaled.jpg\" data-light-image=\"https:\/\/casapart.fr\/wp-content\/uploads\/2025\/07\/20250711_211505-scaled.jpg\" data-id=\"710\" class=\"wp-image-710 skip-lazy\" srcset=\"https:\/\/casapart.fr\/wp-content\/uploads\/2025\/07\/20250711_211505-1024x768.jpg 1024w, https:\/\/casapart.fr\/wp-content\/uploads\/2025\/07\/20250711_211505-300x225.jpg 300w, https:\/\/casapart.fr\/wp-content\/uploads\/2025\/07\/20250711_211505-768x576.jpg 768w, https:\/\/casapart.fr\/wp-content\/uploads\/2025\/07\/20250711_211505-1536x1152.jpg 1536w, https:\/\/casapart.fr\/wp-content\/uploads\/2025\/07\/20250711_211505-2048x1536.jpg 2048w, https:\/\/casapart.fr\/wp-content\/uploads\/2025\/07\/20250711_211505-16x12.jpg 16w\" sizes=\"auto, (max-width: 800px) 100vw, 800px\" \/><\/div><\/div><\/a><\/figure><\/div><\/div><\/li><li class=\"kb-slide-item kb-gallery-slide-item splide__slide\"><div class=\"kadence-blocks-gallery-item\"><div class=\"kadence-blocks-gallery-item-inner\"><figure class=\"kb-gallery-figure kb-gallery-item-has-link kadence-blocks-gallery-item-has-caption\"><a href=\"https:\/\/casapart.fr\/wp-content\/uploads\/2025\/07\/20250711_201541-scaled.jpg\" data-description=\"Le 1er repas sur la terrasse !\" class=\"kb-gallery-item-link\"   role=\"button\" aria-haspopup=\"dialog\"><div class=\"kb-gal-image-radius\"><div class=\"kb-gallery-image-contain kadence-blocks-gallery-intrinsic kb-gallery-image-ratio-land43 kb-has-image-ratio-land43\" ><img loading=\"lazy\" decoding=\"async\" src=\"https:\/\/casapart.fr\/wp-content\/uploads\/2025\/07\/20250711_201541-1024x768.jpg\" width=\"800\" height=\"600\" alt=\"\" data-full-image=\"https:\/\/casapart.fr\/wp-content\/uploads\/2025\/07\/20250711_201541-scaled.jpg\" data-light-image=\"https:\/\/casapart.fr\/wp-content\/uploads\/2025\/07\/20250711_201541-scaled.jpg\" data-id=\"708\" class=\"wp-image-708 skip-lazy\" srcset=\"https:\/\/casapart.fr\/wp-content\/uploads\/2025\/07\/20250711_201541-1024x768.jpg 1024w, https:\/\/casapart.fr\/wp-content\/uploads\/2025\/07\/20250711_201541-300x225.jpg 300w, https:\/\/casapart.fr\/wp-content\/uploads\/2025\/07\/20250711_201541-768x576.jpg 768w, https:\/\/casapart.fr\/wp-content\/uploads\/2025\/07\/20250711_201541-1536x1152.jpg 1536w, https:\/\/casapart.fr\/wp-content\/uploads\/2025\/07\/20250711_201541-2048x1536.jpg 2048w, https:\/\/casapart.fr\/wp-content\/uploads\/2025\/07\/20250711_201541-16x12.jpg 16w\" sizes=\"auto, (max-width: 800px) 100vw, 800px\" \/><\/div><div class=\"kadence-blocks-gallery-item__caption\">Le 1er repas sur la terrasse !<\/div><\/div><\/a><\/figure><\/div><\/div><\/li><\/ul><\/div><\/div><\/div><\/div>","protected":false},"excerpt":{"rendered":"<p>Apr\u00e8s avoir coul\u00e9 les murs, il est temps de s&rsquo;occuper de la dalle de la terrasse ! Les \u00e9tais du ma\u00e7on nous ont apport\u00e9 un pr\u00e9cieux soutien !<\/p>","protected":false},"author":2,"featured_media":709,"comment_status":"closed","ping_status":"closed","sticky":false,"template":"","format":"standard","meta":{"footnotes":""},"categories":[6],"tags":[],"class_list":["post-726","post","type-post","status-publish","format-standard","has-post-thumbnail","hentry","category-seytroux"],"_links":{"self":[{"href":"https:\/\/casapart.fr\/en\/wp-json\/wp\/v2\/posts\/726","targetHints":{"allow":["GET"]}}],"collection":[{"href":"https:\/\/casapart.fr\/en\/wp-json\/wp\/v2\/posts"}],"about":[{"href":"https:\/\/casapart.fr\/en\/wp-json\/wp\/v2\/types\/post"}],"author":[{"embeddable":true,"href":"https:\/\/casapart.fr\/en\/wp-json\/wp\/v2\/users\/2"}],"replies":[{"embeddable":true,"href":"https:\/\/casapart.fr\/en\/wp-json\/wp\/v2\/comments?post=726"}],"version-history":[{"count":2,"href":"https:\/\/casapart.fr\/en\/wp-json\/wp\/v2\/posts\/726\/revisions"}],"predecessor-version":[{"id":736,"href":"https:\/\/casapart.fr\/en\/wp-json\/wp\/v2\/posts\/726\/revisions\/736"}],"wp:featuredmedia":[{"embeddable":true,"href":"https:\/\/casapart.fr\/en\/wp-json\/wp\/v2\/media\/709"}],"wp:attachment":[{"href":"https:\/\/casapart.fr\/en\/wp-json\/wp\/v2\/media?parent=726"}],"wp:term":[{"taxonomy":"category","embeddable":true,"href":"https:\/\/casapart.fr\/en\/wp-json\/wp\/v2\/categories?post=726"},{"taxonomy":"post_tag","embeddable":true,"href":"https:\/\/casapart.fr\/en\/wp-json\/wp\/v2\/tags?post=726"}],"curies":[{"name":"wp","href":"https:\/\/api.w.org\/{rel}","templated":true}]}}